{"id":386,"date":"2025-10-11T16:21:39","date_gmt":"2025-10-11T14:21:39","guid":{"rendered":"https:\/\/teatreeoil.it\/?p=386"},"modified":"2025-10-11T16:21:40","modified_gmt":"2025-10-11T14:21:40","slug":"lolfatto-il-senso-primordiale-legato-a-memoria-ed-emozioni","status":"publish","type":"post","link":"https:\/\/teatreeoil.it\/?p=386","title":{"rendered":"L&#8217;Olfatto: Il Senso Primordiale Legato a Memoria ed Emozioni"},"content":{"rendered":"\n<p><strong>L&#8217;Olfatto: Il Senso Primordiale Legato a Memoria ed Emozioni<\/strong><\/p>\n<p>Nel vasto panorama dei sensi umani, l&#8217;olfatto emerge con una forza discreta ma innegabile, collegando il nostro mondo interiore a ricordi profondi e emozioni vivide. Spesso trascurato rispetto alla vista e all&#8217;udito, il senso dell&#8217;olfatto gioca un ruolo fondamentale nella nostra vita quotidiana, influenzando non solo la nostra percezione del cibo e dell&#8217;ambiente, ma anche il nostro stato d&#8217;animo e le interazioni sociali. Fin dall&#8217;infanzia, gli odori hanno il potere di evocare memorie sopite, catapultandoci in momenti passati con una chiarezza sorprendente. In questo articolo, esploreremo l&#8217;affascinante connessione tra l&#8217;olfatto, la memoria e le emozioni, scoprendo come questo senso primordiale possa trasformare esperienze normali in viaggi evocativi attraverso il tempo e lo spazio. Attraverso storie, studi e riflessioni, ci addentreremo nel misterioso regno degli odori, svelando il loro impatto sulla nostra vita e sul modo in cui percepiamo il mondo che ci circonda.<\/p>\n<h2 id=\"lolfatto-e-il-suo-ruolo-nella-memoria-emotiva\">L&#8217;Olfatto e il Suo Ruolo Nella Memoria Emotiva<\/h2>\n<p>Il senso dell&#8217;olfatto, spesso trascurato rispetto ad altri sensi, gioca un ruolo fondamentale nelle nostre esperienze emotive e nei ricordi che ci accompagnano. Ogni aroma che ci circonda ha la capacit\u00e0 di evocare momenti specifici, facendo affiorare alla mente immagini vivide e sentimenti. Questa particolare connessione \u00e8 il risultato di un elaborato sistema biologico e neurochimico che sottende il nostro modo di percepire le fragranze.<\/p>\n<p>La stretta relazione tra olfatto e memoria si radica nella struttura del nostro cervello. Il bulbo olfattivo, che riceve gli stimoli odorosi, \u00e8 collegato direttamente al sistema limbico, la parte del cervello che gestisce le emozioni e i ricordi. Quando annusiamo un aroma familiare, come il profumo dei biscotti appena sfornati, il nostro cervello reagisce immediatamente, attivando ricordi e sentimenti legati a quel profumo. Questa reazione istantanea pu\u00f2 essere cos\u00ec intensa che ci porta indietro nel tempo, riportandoci a momenti significativi della nostra vita.<\/p>\n<p>Le esperienze olfattive sono uniche per ogni individuo e possono variare notevolmente a seconda delle proprie memorie personali e delle esperienze passate. Un profumo pu\u00f2 evocare la nostalgia per una persona cara, mentre un altro pu\u00f2 risvegliare sensazioni di gioia o tristezza. Questa variet\u00e0 si manifesta in come ognuno di noi reagisce a determinati odori: ci\u00f2 che potrebbe sembrare un ricordo piacevole per una persona pu\u00f2 risultare sgradevole per un&#8217;altra.<\/p>\n<p><em>Ci sono alcuni fattori che influenzano il legame tra olfatto e memoria:<\/em><\/p>\n<ul>\n<li><strong>Esperienze infantili:<\/strong> Molti ricordi olfattivi si formano nei primi anni di vita, quando il nostro sistema sensoriale \u00e8 pi\u00f9 suscettibile e il nostro cervello \u00e8 come una spugna pronta ad assorbire nuove informazioni.<\/li>\n<li><strong>Associazioni emotive:<\/strong> Gli odori che associamo a forti emozioni, come l&#8217;amore, la felicit\u00e0 o anche la paura, tendono a rimanere impressi nella memoria.<\/li>\n<li><strong>Ripetizione:<\/strong> Se un aroma \u00e8 frequentemente collegato a situazioni o eventi significativi, la sua capacit\u00e0 di evocare ricordi diventa pi\u00f9 forte nel tempo.<\/li>\n<\/ul>\n<p>Questa interazione tra olfatto, emozione e memoria pu\u00f2 avere applicazioni pratiche nella nostra vita quotidiana. Ad esempio, la <strong>aromaterapia<\/strong> utilizza gli oli essenziali per influenzare il nostro stato d&#8217;animo e le nostre emozioni, sfruttando il potere degli odori per creare un ambiente sereno o stimolante. Le fragranze come la lavanda, nota per le sue propriet\u00e0 calmanti, possono aiutare a ridurre lo stress e l&#8217;ansia.<\/p>\n<p>Inoltre, la ricerca ha dimostrato che l&#8217;esposizione a odori piacevoli pu\u00f2 migliorare le prestazioni cognitive. La sensazione di benessere evocata da profumi come il limone o la menta pu\u00f2 avere un impacto diretto sulla nostra capacit\u00e0 di concentrazione e produttivit\u00e0. Ecco perch\u00e9 l&#8217;ambiente in cui lavoriamo o studiamo dovrebbe considerare l&#8217;uso di profumi stimolanti per massimizzare le prestazioni.<\/p>\n<p>Il potere evocativo degli odori \u00e8 talmente forte da essere utilizzato anche nel marketing. Le aziende sfruttano strategie olfattive per creare ambienti di vendita accoglienti, facendo leva sulle emozioni per incentivare l&#8217;acquisto. I profumi utilizzati in negozi o ristoranti sono progettati per creare una connessione emotiva con il cliente, trasformando l&#8217;esperienza d&#8217;acquisto in un momento memorabile.<\/p>\n<p>\u00c8 affascinante come un elemento cos\u00ec spesso sottovalutato, come l&#8217;olfatto, possieda una tale potenza nel disegnare il nostro paesaggio emotivo e la nostra storia personale. Conoscere e apprezzare il nostro senso dell&#8217;olfatto non \u00e8 solo un viaggio nella percezione sensoriale, ma un&#8217;esplorazione delle nostre radici emotive e ricordate. L&#8217;olfatto diventa cos\u00ec un ponte tra il passato e il presente, un modo per ancorarci a chi siamo e a ci\u00f2 che abbiamo vissuto.<\/p>\n","protected":false},"excerpt":{"rendered":"<p>L&#8217;olfatto \u00e8 un senso primordiale, capace di evocare ricordi e suscitare emozioni profonde. Un profumo pu\u00f2 trasportarci indietro nel tempo, rivelando frammenti di vita dimenticati. Questa connessione tra odori e memorie \u00e8 un viaggio intimo nell&#8217;anima umana.<\/p>\n","protected":false},"author":2,"featured_media":387,"comment_status":"open","ping_status":"open","sticky":false,"template":"","format":"standard","meta":{"footnotes":""},"categories":[106],"tags":[34,211,204,206,203,205,202,210,207,52,97,208,212,201,209],"class_list":["post-386","post","type-post","status-publish","format-standard","has-post-thumbnail","","category-benessere","tag-benessere","tag-cultura-del-profumo","tag-emozioni","tag-esperienze-sensoriali","tag-memoria","tag-neuroscienze","tag-olfatto","tag-percezione-olfattiva","tag-profumi","tag-psicologia","tag-ricerca-scientifica","tag-scienza-del-profumo","tag-sensazioni","tag-senso","tag-sistema-limbico"],"yoast_head":"<!-- This site is optimized with the Yoast SEO plugin v26.9 - https:\/\/yoast.com\/product\/yoast-seo-wordpress\/ -->\n<title>L&#039;Olfatto: Il Senso Primordiale Legato a Memoria ed Emozioni - Tea Tree Oil<\/title>\n<meta name=\"robots\" content=\"index, follow, max-snippet:-1, max-image-preview:large, max-video-preview:-1\" \/>\n<link rel=\"canonical\" href=\"https:\/\/teatreeoil.it\/?p=386\" \/>\n<meta property=\"og:locale\" content=\"it_IT\" \/>\n<meta property=\"og:type\" content=\"article\" \/>\n<meta property=\"og:title\" content=\"L&#039;Olfatto: Il Senso Primordiale Legato a Memoria ed Emozioni - Tea Tree Oil\" \/>\n<meta property=\"og:description\" content=\"L&#039;olfatto \u00e8 un senso primordiale, capace di evocare ricordi e suscitare emozioni profonde. Un profumo pu\u00f2 trasportarci indietro nel tempo, rivelando frammenti di vita dimenticati. Questa connessione tra odori e memorie \u00e8 un viaggio intimo nell&#039;anima umana.\" \/>\n<meta property=\"og:url\" content=\"https:\/\/teatreeoil.it\/?p=386\" \/>\n<meta property=\"og:site_name\" content=\"Tea Tree Oil\" \/>\n<meta property=\"article:published_time\" content=\"2025-10-11T14:21:39+00:00\" \/>\n<meta property=\"article:modified_time\" content=\"2025-10-11T14:21:40+00:00\" \/>\n<meta property=\"og:image\" content=\"https:\/\/teatreeoil.it\/wp-content\/uploads\/2025\/10\/386-lolfatto-il-senso-primordiale-legato-a-memoria-ed-emozioni.jpg\" \/>\n\t<meta property=\"og:image:width\" content=\"344\" \/>\n\t<meta property=\"og:image:height\" content=\"760\" \/>\n\t<meta property=\"og:image:type\" content=\"image\/jpeg\" \/>\n<meta name=\"author\" content=\"Redazione TeaTreeOil\" \/>\n<meta name=\"twitter:card\" content=\"summary_large_image\" \/>\n<meta name=\"twitter:label1\" content=\"Scritto da\" \/>\n\t<meta name=\"twitter:data1\" content=\"Redazione TeaTreeOil\" \/>\n\t<meta name=\"twitter:label2\" content=\"Tempo di lettura stimato\" \/>\n\t<meta name=\"twitter:data2\" content=\"4 minuti\" \/>\n<script type=\"application\/ld+json\" class=\"yoast-schema-graph\">{\"@context\":\"https:\/\/schema.org\",\"@graph\":[{\"@type\":\"Article\",\"@id\":\"https:\/\/teatreeoil.it\/?p=386#article\",\"isPartOf\":{\"@id\":\"https:\/\/teatreeoil.it\/?p=386\"},\"author\":{\"name\":\"Redazione TeaTreeOil\",\"@id\":\"https:\/\/teatreeoil.it\/#\/schema\/person\/d03ceb95819ed8aeb24bf0a22cf8fd9c\"},\"headline\":\"L&#8217;Olfatto: Il Senso Primordiale Legato a Memoria ed Emozioni\",\"datePublished\":\"2025-10-11T14:21:39+00:00\",\"dateModified\":\"2025-10-11T14:21:40+00:00\",\"mainEntityOfPage\":{\"@id\":\"https:\/\/teatreeoil.it\/?p=386\"},\"wordCount\":721,\"commentCount\":0,\"image\":{\"@id\":\"https:\/\/teatreeoil.it\/?p=386#primaryimage\"},\"thumbnailUrl\":\"https:\/\/teatreeoil.it\/wp-content\/uploads\/2025\/10\/386-lolfatto-il-senso-primordiale-legato-a-memoria-ed-emozioni.jpg\",\"keywords\":[\"benessere\",\"cultura del profumo\",\"emozioni\",\"esperienze sensoriali\",\"memoria\",\"neuroscienze\",\"olfatto\",\"percezione olfattiva\",\"profumi\",\"psicologia\",\"ricerca scientifica\",\"scienza del profumo\",\"sensazioni\",\"senso\",\"sistema limbico\"],\"articleSection\":[\"Benessere\"],\"inLanguage\":\"it-IT\",\"potentialAction\":[{\"@type\":\"CommentAction\",\"name\":\"Comment\",\"target\":[\"https:\/\/teatreeoil.it\/?p=386#respond\"]}]},{\"@type\":\"WebPage\",\"@id\":\"https:\/\/teatreeoil.it\/?p=386\",\"url\":\"https:\/\/teatreeoil.it\/?p=386\",\"name\":\"L'Olfatto: Il Senso Primordiale Legato a Memoria ed Emozioni - Tea Tree Oil\",\"isPartOf\":{\"@id\":\"https:\/\/teatreeoil.it\/#website\"},\"primaryImageOfPage\":{\"@id\":\"https:\/\/teatreeoil.it\/?p=386#primaryimage\"},\"image\":{\"@id\":\"https:\/\/teatreeoil.it\/?p=386#primaryimage\"},\"thumbnailUrl\":\"https:\/\/teatreeoil.it\/wp-content\/uploads\/2025\/10\/386-lolfatto-il-senso-primordiale-legato-a-memoria-ed-emozioni.jpg\",\"datePublished\":\"2025-10-11T14:21:39+00:00\",\"dateModified\":\"2025-10-11T14:21:40+00:00\",\"author\":{\"@id\":\"https:\/\/teatreeoil.it\/#\/schema\/person\/d03ceb95819ed8aeb24bf0a22cf8fd9c\"},\"breadcrumb\":{\"@id\":\"https:\/\/teatreeoil.it\/?p=386#breadcrumb\"},\"inLanguage\":\"it-IT\",\"potentialAction\":[{\"@type\":\"ReadAction\",\"target\":[\"https:\/\/teatreeoil.it\/?p=386\"]}]},{\"@type\":\"ImageObject\",\"inLanguage\":\"it-IT\",\"@id\":\"https:\/\/teatreeoil.it\/?p=386#primaryimage\",\"url\":\"https:\/\/teatreeoil.it\/wp-content\/uploads\/2025\/10\/386-lolfatto-il-senso-primordiale-legato-a-memoria-ed-emozioni.jpg\",\"contentUrl\":\"https:\/\/teatreeoil.it\/wp-content\/uploads\/2025\/10\/386-lolfatto-il-senso-primordiale-legato-a-memoria-ed-emozioni.jpg\",\"width\":344,\"height\":760,\"caption\":\"L&#8217;Olfatto: Il Senso Primordiale Legato a Memoria ed Emozioni\"},{\"@type\":\"BreadcrumbList\",\"@id\":\"https:\/\/teatreeoil.it\/?p=386#breadcrumb\",\"itemListElement\":[{\"@type\":\"ListItem\",\"position\":1,\"name\":\"Home\",\"item\":\"https:\/\/teatreeoil.it\/\"},{\"@type\":\"ListItem\",\"position\":2,\"name\":\"L&#8217;Olfatto: Il Senso Primordiale Legato a Memoria ed Emozioni\"}]},{\"@type\":\"WebSite\",\"@id\":\"https:\/\/teatreeoil.it\/#website\",\"url\":\"https:\/\/teatreeoil.it\/\",\"name\":\"Tea Tree Oil\",\"description\":\"Propriet\u00e0, storia ed utilizzo\",\"potentialAction\":[{\"@type\":\"SearchAction\",\"target\":{\"@type\":\"EntryPoint\",\"urlTemplate\":\"https:\/\/teatreeoil.it\/?s={search_term_string}\"},\"query-input\":{\"@type\":\"PropertyValueSpecification\",\"valueRequired\":true,\"valueName\":\"search_term_string\"}}],\"inLanguage\":\"it-IT\"},{\"@type\":\"Person\",\"@id\":\"https:\/\/teatreeoil.it\/#\/schema\/person\/d03ceb95819ed8aeb24bf0a22cf8fd9c\",\"name\":\"Redazione TeaTreeOil\",\"image\":{\"@type\":\"ImageObject\",\"inLanguage\":\"it-IT\",\"@id\":\"https:\/\/teatreeoil.it\/#\/schema\/person\/image\/\",\"url\":\"https:\/\/secure.gravatar.com\/avatar\/76342d9773f1db1d982023c896336afb4f281c3945daaf7f75fbea96d3bbf608?s=96&d=mm&r=g\",\"contentUrl\":\"https:\/\/secure.gravatar.com\/avatar\/76342d9773f1db1d982023c896336afb4f281c3945daaf7f75fbea96d3bbf608?s=96&d=mm&r=g\",\"caption\":\"Redazione TeaTreeOil\"},\"url\":\"https:\/\/teatreeoil.it\/?author=2\"}]}<\/script>\n<!-- \/ Yoast SEO plugin. -->","yoast_head_json":{"title":"L'Olfatto: Il Senso Primordiale Legato a Memoria ed Emozioni - Tea Tree Oil","robots":{"index":"index","follow":"follow","max-snippet":"max-snippet:-1","max-image-preview":"max-image-preview:large","max-video-preview":"max-video-preview:-1"},"canonical":"https:\/\/teatreeoil.it\/?p=386","og_locale":"it_IT","og_type":"article","og_title":"L'Olfatto: Il Senso Primordiale Legato a Memoria ed Emozioni - Tea Tree Oil","og_description":"L'olfatto \u00e8 un senso primordiale, capace di evocare ricordi e suscitare emozioni profonde. Un profumo pu\u00f2 trasportarci indietro nel tempo, rivelando frammenti di vita dimenticati. Questa connessione tra odori e memorie \u00e8 un viaggio intimo nell'anima umana.","og_url":"https:\/\/teatreeoil.it\/?p=386","og_site_name":"Tea Tree Oil","article_published_time":"2025-10-11T14:21:39+00:00","article_modified_time":"2025-10-11T14:21:40+00:00","og_image":[{"width":344,"height":760,"url":"https:\/\/teatreeoil.it\/wp-content\/uploads\/2025\/10\/386-lolfatto-il-senso-primordiale-legato-a-memoria-ed-emozioni.jpg","type":"image\/jpeg"}],"author":"Redazione TeaTreeOil","twitter_card":"summary_large_image","twitter_misc":{"Scritto da":"Redazione TeaTreeOil","Tempo di lettura stimato":"4 minuti"},"schema":{"@context":"https:\/\/schema.org","@graph":[{"@type":"Article","@id":"https:\/\/teatreeoil.it\/?p=386#article","isPartOf":{"@id":"https:\/\/teatreeoil.it\/?p=386"},"author":{"name":"Redazione TeaTreeOil","@id":"https:\/\/teatreeoil.it\/#\/schema\/person\/d03ceb95819ed8aeb24bf0a22cf8fd9c"},"headline":"L&#8217;Olfatto: Il Senso Primordiale Legato a Memoria ed Emozioni","datePublished":"2025-10-11T14:21:39+00:00","dateModified":"2025-10-11T14:21:40+00:00","mainEntityOfPage":{"@id":"https:\/\/teatreeoil.it\/?p=386"},"wordCount":721,"commentCount":0,"image":{"@id":"https:\/\/teatreeoil.it\/?p=386#primaryimage"},"thumbnailUrl":"https:\/\/teatreeoil.it\/wp-content\/uploads\/2025\/10\/386-lolfatto-il-senso-primordiale-legato-a-memoria-ed-emozioni.jpg","keywords":["benessere","cultura del profumo","emozioni","esperienze sensoriali","memoria","neuroscienze","olfatto","percezione olfattiva","profumi","psicologia","ricerca scientifica","scienza del profumo","sensazioni","senso","sistema limbico"],"articleSection":["Benessere"],"inLanguage":"it-IT","potentialAction":[{"@type":"CommentAction","name":"Comment","target":["https:\/\/teatreeoil.it\/?p=386#respond"]}]},{"@type":"WebPage","@id":"https:\/\/teatreeoil.it\/?p=386","url":"https:\/\/teatreeoil.it\/?p=386","name":"L'Olfatto: Il Senso Primordiale Legato a Memoria ed Emozioni - Tea Tree Oil","isPartOf":{"@id":"https:\/\/teatreeoil.it\/#website"},"primaryImageOfPage":{"@id":"https:\/\/teatreeoil.it\/?p=386#primaryimage"},"image":{"@id":"https:\/\/teatreeoil.it\/?p=386#primaryimage"},"thumbnailUrl":"https:\/\/teatreeoil.it\/wp-content\/uploads\/2025\/10\/386-lolfatto-il-senso-primordiale-legato-a-memoria-ed-emozioni.jpg","datePublished":"2025-10-11T14:21:39+00:00","dateModified":"2025-10-11T14:21:40+00:00","author":{"@id":"https:\/\/teatreeoil.it\/#\/schema\/person\/d03ceb95819ed8aeb24bf0a22cf8fd9c"},"breadcrumb":{"@id":"https:\/\/teatreeoil.it\/?p=386#breadcrumb"},"inLanguage":"it-IT","potentialAction":[{"@type":"ReadAction","target":["https:\/\/teatreeoil.it\/?p=386"]}]},{"@type":"ImageObject","inLanguage":"it-IT","@id":"https:\/\/teatreeoil.it\/?p=386#primaryimage","url":"https:\/\/teatreeoil.it\/wp-content\/uploads\/2025\/10\/386-lolfatto-il-senso-primordiale-legato-a-memoria-ed-emozioni.jpg","contentUrl":"https:\/\/teatreeoil.it\/wp-content\/uploads\/2025\/10\/386-lolfatto-il-senso-primordiale-legato-a-memoria-ed-emozioni.jpg","width":344,"height":760,"caption":"L&#8217;Olfatto: Il Senso Primordiale Legato a Memoria ed Emozioni"},{"@type":"BreadcrumbList","@id":"https:\/\/teatreeoil.it\/?p=386#breadcrumb","itemListElement":[{"@type":"ListItem","position":1,"name":"Home","item":"https:\/\/teatreeoil.it\/"},{"@type":"ListItem","position":2,"name":"L&#8217;Olfatto: Il Senso Primordiale Legato a Memoria ed Emozioni"}]},{"@type":"WebSite","@id":"https:\/\/teatreeoil.it\/#website","url":"https:\/\/teatreeoil.it\/","name":"Tea Tree Oil","description":"Propriet\u00e0, storia ed utilizzo","potentialAction":[{"@type":"SearchAction","target":{"@type":"EntryPoint","urlTemplate":"https:\/\/teatreeoil.it\/?s={search_term_string}"},"query-input":{"@type":"PropertyValueSpecification","valueRequired":true,"valueName":"search_term_string"}}],"inLanguage":"it-IT"},{"@type":"Person","@id":"https:\/\/teatreeoil.it\/#\/schema\/person\/d03ceb95819ed8aeb24bf0a22cf8fd9c","name":"Redazione TeaTreeOil","image":{"@type":"ImageObject","inLanguage":"it-IT","@id":"https:\/\/teatreeoil.it\/#\/schema\/person\/image\/","url":"https:\/\/secure.gravatar.com\/avatar\/76342d9773f1db1d982023c896336afb4f281c3945daaf7f75fbea96d3bbf608?s=96&d=mm&r=g","contentUrl":"https:\/\/secure.gravatar.com\/avatar\/76342d9773f1db1d982023c896336afb4f281c3945daaf7f75fbea96d3bbf608?s=96&d=mm&r=g","caption":"Redazione TeaTreeOil"},"url":"https:\/\/teatreeoil.it\/?author=2"}]}},"_links":{"self":[{"href":"https:\/\/teatreeoil.it\/index.php?rest_route=\/wp\/v2\/posts\/386","targetHints":{"allow":["GET"]}}],"collection":[{"href":"https:\/\/teatreeoil.it\/index.php?rest_route=\/wp\/v2\/posts"}],"about":[{"href":"https:\/\/teatreeoil.it\/index.php?rest_route=\/wp\/v2\/types\/post"}],"author":[{"embeddable":true,"href":"https:\/\/teatreeoil.it\/index.php?rest_route=\/wp\/v2\/users\/2"}],"replies":[{"embeddable":true,"href":"https:\/\/teatreeoil.it\/index.php?rest_route=%2Fwp%2Fv2%2Fcomments&post=386"}],"version-history":[{"count":1,"href":"https:\/\/teatreeoil.it\/index.php?rest_route=\/wp\/v2\/posts\/386\/revisions"}],"predecessor-version":[{"id":388,"href":"https:\/\/teatreeoil.it\/index.php?rest_route=\/wp\/v2\/posts\/386\/revisions\/388"}],"wp:featuredmedia":[{"embeddable":true,"href":"https:\/\/teatreeoil.it\/index.php?rest_route=\/wp\/v2\/media\/387"}],"wp:attachment":[{"href":"https:\/\/teatreeoil.it\/index.php?rest_route=%2Fwp%2Fv2%2Fmedia&parent=386"}],"wp:term":[{"taxonomy":"category","embeddable":true,"href":"https:\/\/teatreeoil.it\/index.php?rest_route=%2Fwp%2Fv2%2Fcategories&post=386"},{"taxonomy":"post_tag","embeddable":true,"href":"https:\/\/teatreeoil.it\/index.php?rest_route=%2Fwp%2Fv2%2Ftags&post=386"}],"curies":[{"name":"wp","href":"https:\/\/api.w.org\/{rel}","templated":true}]}}